{"id":1557,"global_id":"chefdaniel.de?id=1557","global_id_lineage":["chefdaniel.de?id=1557"],"author":"1","status":"publish","date":"2023-02-07 19:55:24","date_utc":"2023-02-07 19:55:24","modified":"2023-05-23 12:40:20","modified_utc":"2023-05-23 12:40:20","url":"https:\/\/chefdaniel.de\/?tribe_events=winzza-am-2-oestricher-kranfest","rest_url":"https:\/\/chefdaniel.de\/index.php?rest_route=\/tribe\/events\/v1\/events\/1557","title":"Winzza am 2. Oestricher Kranfest","description":"<p><span style=\"font-family: arial, helvetica, sans-serif;\">Die Oestricher Winzer feiern am Rheinufer und auf den Rheinwiesen rund ums Oestricher Weinfass. Nach dem KRANdiosen Start im letzten Jahr geht das KRANfest in die 2. Runde rund um den Weinverladekran in Oestrich-Winkel.<\/span><\/p>\n<p><span style=\"font-family: arial, helvetica, sans-serif;\">In flaKRANti erwischt: Wein und Musik &#8211;\u00a0sKRANdal am Rhein. Das Festhalten der Gl\u00e4ser wird trinkend empfohlen.<\/span><\/p>\n<p><span style=\"font-family: arial, helvetica, sans-serif;\">Zu Ehren des Wahrzeichens uns seiner Verbundenheit zum Wein feiern Oestricher Winzer mit Ihnen den KRAN Prix OEstrich. Oestricher Wein, Oestricher Geschichte und Oestricher Lifestyle.\u00a0<\/span><\/p>\n<p><span style=\"font-family: arial, helvetica, sans-serif;\">Ein tolles und abwechslungsreiches Programm f\u00fcr Gro\u00df und Klein erwartet Euch. Bands, k\u00f6niglicher Glanz, Vorf\u00fchrungen und Kinderanimation werden geboten.<\/span><\/p>\n<p><span style=\"font-family: arial, helvetica, sans-serif;\">F\u00fcr kulinarische Begleitung sind wir mit echtem Rheingauer Soulfood und unserer Winzza\u00a0 mitdabei und freuen uns auf euch!<\/span><\/p>\n<p style=\"text-align: center;\"><a href=\"https:\/\/chefdaniel.de\/?post_type=tribe_events\" target=\"_blank\" rel=\"noopener\">mehr Winzza Veranstaltungen<\/a><\/p>\n<p>&nbsp;<\/p>\n<h4 style=\"text-align: center;\"><span style=\"font-family: arial, helvetica, sans-serif;\">more about Winzza:<\/span><\/h4>\n<p style=\"text-align: center;\"><span style=\"font-family: arial, helvetica, sans-serif;\">Winzza ist ein mobiles Foodkonzept mit dem passendem Snack zum Wein. Unsere Winzza ist \u00a0knusprig wie ein Flammkuchen und dabei fluffig wie eine Pizza mit regional typischen Toppings belegt. So bringen wir beliebte Klassiker, wie den roten Spundek\u00e4se neu interpretiert auf den Tisch oder besser gesagt auf die Winzza. Der kreative Kopf bei Winzza, Chef Daniel ist immer auf der Suche nach dem perfekten Flavor Pairing und wechselt die Sorten saisonal durch. So wird auch f\u00fcr unserere Winzza Fans nicht langweilig. Wir freuen uns regionale Klassiker, wie Handk\u00e4se neu zu interpretieren oder \u00a0auch mal gr\u00fcne So\u00dfe auf die Winzza zu packen. Mit regionalen und saisonalen Bel\u00e4gen, bringen wir Abwechslung auf deinen Speiseplan. Dem derzeitigen Ern\u00e4hrungstrend gerecht werdend findet ihr bei uns auch immer eine vegan und pflanzenbasierte Sorte auf der Karte.<\/span><\/p>","excerpt":"","slug":"winzza-am-2-oestricher-kranfest","image":{"url":"https:\/\/chefdaniel.de\/wp-content\/uploads\/2023\/02\/oestricher-Kranfest-Juli.png","id":1534,"extension":"png","width":1080,"height":1080,"filesize":"2175654","sizes":{"medium":{"width":300,"height":300,"mime-type":"image\/png","filesize":"196136","url":"https:\/\/chefdaniel.de\/wp-content\/uploads\/2023\/02\/oestricher-Kranfest-Juli-300x300.png"},"large":{"width":1024,"height":1024,"mime-type":"image\/png","filesize":"1764197","url":"https:\/\/chefdaniel.de\/wp-content\/uploads\/2023\/02\/oestricher-Kranfest-Juli-1024x1024.png"},"thumbnail":{"width":150,"height":150,"mime-type":"image\/png","filesize":"54564","url":"https:\/\/chefdaniel.de\/wp-content\/uploads\/2023\/02\/oestricher-Kranfest-Juli-150x150.png"},"medium_large":{"width":768,"height":768,"mime-type":"image\/png","filesize":"1058855","url":"https:\/\/chefdaniel.de\/wp-content\/uploads\/2023\/02\/oestricher-Kranfest-Juli-768x768.png"}}},"all_day":false,"start_date":"2023-07-07 17:00:00","start_date_details":{"year":"2023","month":"07","day":"07","hour":"17","minutes":"00","seconds":"00"},"end_date":"2023-07-09 20:00:00","end_date_details":{"year":"2023","month":"07","day":"09","hour":"20","minutes":"00","seconds":"00"},"utc_start_date":"2023-07-07 17:00:00","utc_start_date_details":{"year":"2023","month":"07","day":"07","hour":"17","minutes":"00","seconds":"00"},"utc_end_date":"2023-07-09 20:00:00","utc_end_date_details":{"year":"2023","month":"07","day":"09","hour":"20","minutes":"00","seconds":"00"},"timezone":"UTC+0","timezone_abbr":"UTC+0","cost":"","cost_details":{"currency_symbol":"0","currency_code":"","currency_position":"prefix","values":[]},"website":"https:\/\/kranfest.de\/","show_map":true,"show_map_link":true,"hide_from_listings":false,"sticky":false,"featured":false,"categories":[{"name":"Events","slug":"events","term_group":0,"term_taxonomy_id":11,"taxonomy":"tribe_events_cat","description":"Ob private Veranstaltung oder Firmenfeier, gerne unterst\u00fctzen wir Sie bei der Umsetzung ihrer individuellen Events und schaffen besondere Genussmomente!","parent":0,"count":58,"filter":"raw","id":11,"urls":{"self":"https:\/\/chefdaniel.de\/index.php?rest_route=\/tribe\/events\/v1\/categories\/11","collection":"https:\/\/chefdaniel.de\/index.php?rest_route=\/tribe\/events\/v1\/categories"}}],"tags":[],"venue":{"id":1405,"author":"1","status":"publish","date":"2022-07-05 22:23:24","date_utc":"2022-07-05 22:23:24","modified":"2022-07-05 22:23:24","modified_utc":"2022-07-05 22:23:24","url":"https:\/\/chefdaniel.de\/?tribe_venue=oestricher-kran","venue":"Oestricher Kran","description":"<p><span style=\"font-family: arial, helvetica, sans-serif;\">Das Wahrzeichnen von Oestrich ist der alte Kran. Direkt am Rhein und in malerischem Ambiente.<\/span><\/p>","slug":"oestricher-kran","address":"Rheinallee 9","city":"Oestrich","zip":"65375","website":"https:\/\/kranfest.de\/","json_ld":{"@type":"Place","name":"Oestricher Kran","description":"&lt;p&gt;Das Wahrzeichnen von Oestrich ist der alte Kran. Direkt am Rhein und in malerischem Ambiente.&lt;\/p&gt;\\n","url":"https:\/\/chefdaniel.de\/?tribe_venue=oestricher-kran","address":{"@type":"PostalAddress","streetAddress":"Rheinallee 9","addressLocality":"Oestrich","postalCode":"65375"},"telephone":"","sameAs":"https:\/\/kranfest.de\/"},"show_map":true,"show_map_link":true,"global_id":"chefdaniel.de?id=1405","global_id_lineage":["chefdaniel.de?id=1405"]},"organizer":[{"id":1403,"author":"1","status":"publish","date":"2022-07-05 22:16:01","date_utc":"2022-07-05 22:16:01","modified":"2022-07-05 22:16:01","modified_utc":"2022-07-05 22:16:01","url":"https:\/\/chefdaniel.de\/?tribe_organizer=weinbau-verband-oestrich","organizer":"Weinbau Verband Oestrich","slug":"weinbau-verband-oestrich","website":"https:\/\/kranfest.de\/","json_ld":{"@type":"Person","name":"Weinbau Verband Oestrich","description":"","url":"https:\/\/kranfest.de\/","telephone":"","email":"","sameAs":"https:\/\/kranfest.de\/"},"global_id":"chefdaniel.de?id=1403","global_id_lineage":["chefdaniel.de?id=1403"]}],"custom_fields":[],"json_ld":{"@context":"http:\/\/schema.org","@type":"Event","name":"Winzza am 2. Oestricher Kranfest","description":"&lt;p&gt;Die Oestricher Winzer feiern am Rheinufer und auf den Rheinwiesen rund ums Oestricher Weinfass. Nach dem KRANdiosen Start im letzten Jahr geht das KRANfest in die 2. Runde rund um [&hellip;]&lt;\/p&gt;\\n","image":"https:\/\/chefdaniel.de\/wp-content\/uploads\/2023\/02\/oestricher-Kranfest-Juli.png","url":"https:\/\/chefdaniel.de\/?tribe_events=winzza-am-2-oestricher-kranfest","eventAttendanceMode":"https:\/\/schema.org\/OfflineEventAttendanceMode","eventStatus":"https:\/\/schema.org\/EventScheduled","startDate":"2023-07-07T17:00:00+00:00","endDate":"2023-07-09T20:00:00+00:00","location":{"@type":"Place","name":"Oestricher Kran","description":"&lt;p&gt;Das Wahrzeichnen von Oestrich ist der alte Kran. Direkt am Rhein und in malerischem Ambiente.&lt;\/p&gt;\\n","url":"https:\/\/chefdaniel.de\/?tribe_venue=oestricher-kran","address":{"@type":"PostalAddress","streetAddress":"Rheinallee 9","addressLocality":"Oestrich","postalCode":"65375"},"telephone":"","sameAs":"https:\/\/kranfest.de\/"},"organizer":{"@type":"Person","name":"Weinbau Verband Oestrich","description":"","url":"https:\/\/kranfest.de\/","telephone":"","email":"","sameAs":"https:\/\/kranfest.de\/"},"performer":"Organization"},"is_virtual":false,"virtual_url":null,"virtual_video_source":""}